{"id":51200,"date":"2026-08-26T22:23:33","date_gmt":"2026-08-26T22:23:33","guid":{"rendered":"https:\/\/www.maritimoportuario.cl\/mp\/?p=51200"},"modified":"2026-08-27T21:40:48","modified_gmt":"2026-08-27T21:40:48","slug":"comunidad-logistica-portuaria-de-chacabuco-aborda-detalles-operativos-del-proyecto-de-ampliacion-del-atracadero-huillin","status":"publish","type":"post","link":"https:\/\/www.maritimoportuario.cl\/mp\/comunidad-logistica-portuaria-de-chacabuco-aborda-detalles-operativos-del-proyecto-de-ampliacion-del-atracadero-huillin\/","title":{"rendered":"Comunidad Log\u00edstica Portuaria de Chacabuco aborda detalles operativos del proyecto de ampliaci\u00f3n del Atracadero Huill\u00edn"},"content":{"rendered":"\n<p class=\"wp-block-paragraph\"><strong>La jornada de trabajo convoc\u00f3 a clientes, usuarios e instituciones vinculadas a la cadena log\u00edstica para coordinar el plan de desarme del actual muelle y el montaje de la nueva infraestructura.<\/strong><\/p>\n\n\n\n<p class=\"wp-block-paragraph\"><strong>El proyecto permitir\u00e1 duplicar la capacidad de atenci\u00f3n de embarcaciones menores, pasando de 10 a 20 sitios de atracadero en beneficio directo de la conectividad y la industria regional.<\/strong><\/p>\n\n\n\n<p class=\"wp-block-paragraph\">Con una amplia convocatoria de los actores clave del sector mar\u00edtimo y log\u00edstico local, se llev\u00f3 a cabo una nueva sesi\u00f3n de la Comunidad Log\u00edstica Portuaria de Puerto Chacabuco (Comport), enfocada en presentar los alcances, fases operativas y medidas de resguardo vinculadas al proyecto de reemplazo y ampliaci\u00f3n del Atracadero Huill\u00edn.<\/p>\n\n\n\n<p class=\"wp-block-paragraph\">La instancia informativa cont\u00f3 con la participaci\u00f3n activa de representantes de empresas operadoras, prestadores de servicios y organismos fiscalizadores de la cadena portuaria, tales como&nbsp;<strong>H&amp;B Servicios, SAAM Towage, Ultraport, el Servicio Nacional de Aduanas, Agental y Transportes Mar\u00edtimos H&amp;B y Pangal<\/strong>, entre otros usuarios permanentes del terminal.<\/p>\n\n\n\n<p class=\"wp-block-paragraph\">Durante el encuentro se expuso el cronograma de ejecuci\u00f3n de las obras, el cual contempla una primera fase de desmantelamiento del actual muelle, seguida por la etapa de montaje e instalaci\u00f3n de la nueva estructura modular. Asimismo, se coordinaron los requerimientos de espacio operativo y las restricciones temporales en los flujos internos del recinto portuario, con el objetivo de garantizar la continuidad operacional y resguardar la seguridad de las faenas.<\/p>\n\n\n\n<p class=\"wp-block-paragraph\"><strong>Duplicaci\u00f3n de capacidad y amplio respaldo del sector<\/strong><\/p>\n\n\n\n<p class=\"wp-block-paragraph\">Actualmente, el Atracadero Huill\u00edn presta servicio a 10 embarcaciones menores dedicadas principalmente al transporte de personal e insumos para la industria local. Con la concreci\u00f3n de las obras de infraestructura, la instalaci\u00f3n aumentar\u00e1 su capacidad operativa a 20 sitios de atracadero contempor\u00e1neos, fortaleciendo los est\u00e1ndares de servicio y la eficiencia en la atenci\u00f3n de las naves.<\/p>\n\n\n\n<p class=\"wp-block-paragraph\">En tanto Felipe Candia, gerente general de Emporcha, valor\u00f3 la recepci\u00f3n y disponibilidad de la comunidad log\u00edstica para articular de manera preventiva los impactos y requerimientos del proyecto.&nbsp;<em>\u00abTuvimos una reuni\u00f3n muy productiva con clientes y usuarios del puerto para contarles en qu\u00e9 grado de avance estamos con el proyecto de ampliaci\u00f3n del atracadero Huill\u00edn. Este atracadero presta servicio a embarcaciones menores dedicadas principalmente al transporte de personal, y pretendemos ampliar su capacidad a 20 sitios. La idea fue coordinar las actividades dentro del puerto y las etapas de montaje del nuevo atracadero\u00bb.<\/em><\/p>\n\n\n\n<p class=\"wp-block-paragraph\">Por su parte, los operadores locales resaltaron la importancia del proyecto para la sostenibilidad de sus operaciones comerciales y el servicio a las industrias productivas regionales.&nbsp;<em>\u00abImpecable la reuni\u00f3n. Est\u00e1bamos esperando esto y ojal\u00e1 que salga bien para que tengamos un buen muelle, porque lo necesitamos para dar nosotros tambi\u00e9n un muy buen servicio a las salmoneras, que de eso se trata este negocio\u00bb<\/em>, afirm\u00f3&nbsp;<strong>Juan Alav\u00ed Artalucchi<\/strong>, representante de Transportes Mar\u00edtimos H&amp;B y Transportes Mar\u00edtimos Pangal.<\/p>\n\n\n\n<p class=\"wp-block-paragraph\"><strong>Reconocimiento a la trayectoria<\/strong><\/p>\n\n\n\n<p class=\"wp-block-paragraph\">La jornada tambi\u00e9n estuvo marcada por un momento institucional significativo, en el que la comunidad log\u00edstica despidi\u00f3 a uno de los actores hist\u00f3ricos de la operaci\u00f3n portuaria local tras el anuncio de su salida de la zona.<\/p>\n\n\n\n<p class=\"wp-block-paragraph\"><em>\u00abEn esta \u00faltima reuni\u00f3n de la Comunidad Log\u00edstica, por parte de Ultraport, y despu\u00e9s de 30 a\u00f1os, hemos decidido salir de esta regi\u00f3n. Agradecemos a la Comunidad Log\u00edstica Portuaria por todo el apoyo que nos han brindado durante todos estos a\u00f1os\u00bb<\/em>, expres\u00f3&nbsp;<strong>Roberto Vargas<\/strong>, representante de Ultraport Chacabuco.<\/p>\n\n\n\n<p class=\"wp-block-paragraph\">La articulaci\u00f3n preventiva y el di\u00e1logo permanente en el marco de la Comunidad Log\u00edstica continuar\u00e1n durante todo el desarrollo de las obras, asegurando un flujo de informaci\u00f3n constante y coordinado entre las autoridades mar\u00edtimas, los servicios p\u00fablicos y los operadores privados que dinamizan la econom\u00eda y la conectividad mar\u00edtima de la Regi\u00f3n de Ays\u00e9n.<\/p>\n\n\n\n<p class=\"wp-block-paragraph\">Mar\u00edtimo Portuario Comunicaciones<\/p>\n","protected":false},"excerpt":{"rendered":"<p>La jornada de trabajo convoc\u00f3 a clientes, usuarios e instituciones vinculadas a la cadena log\u00edstica para coordinar el plan de desarme del actual muelle y el montaje de la nueva infraestructura. El proyecto permitir\u00e1 duplicar la capacidad de atenci\u00f3n de embarcaciones menores, pasando de 10 a 20 sitios de atracadero en beneficio directo de la<span class=\"read-more\"><a href=\"https:\/\/www.maritimoportuario.cl\/mp\/comunidad-logistica-portuaria-de-chacabuco-aborda-detalles-operativos-del-proyecto-de-ampliacion-del-atracadero-huillin\/\" title=\"Leer m\u00e1s\">M\u00e1s<\/a><\/span><\/p>\n","protected":false},"author":7,"featured_media":51201,"comment_status":"open","ping_status":"open","sticky":false,"template":"","format":"standard","meta":{"rop_custom_images_group":[],"rop_custom_messages_group":[],"rop_publish_now":"no","rop_publish_now_accounts":{"facebook_10162570881181292_1669217483306580":""},"rop_publish_now_history":[{"account":"facebook_10162570881181292_1669217483306580","service":"facebook","timestamp":1787783032,"status":"success"}],"rop_publish_now_status":"done","footnotes":""},"categories":[71],"tags":[],"class_list":["post-51200","post","type-post","status-publish","format-standard","has-post-thumbnail","category-nacionales"],"_links":{"self":[{"href":"https:\/\/www.maritimoportuario.cl\/mp\/wp-json\/wp\/v2\/posts\/51200","targetHints":{"allow":["GET"]}}],"collection":[{"href":"https:\/\/www.maritimoportuario.cl\/mp\/wp-json\/wp\/v2\/posts"}],"about":[{"href":"https:\/\/www.maritimoportuario.cl\/mp\/wp-json\/wp\/v2\/types\/post"}],"author":[{"embeddable":true,"href":"https:\/\/www.maritimoportuario.cl\/mp\/wp-json\/wp\/v2\/users\/7"}],"replies":[{"embeddable":true,"href":"https:\/\/www.maritimoportuario.cl\/mp\/wp-json\/wp\/v2\/comments?post=51200"}],"version-history":[{"count":1,"href":"https:\/\/www.maritimoportuario.cl\/mp\/wp-json\/wp\/v2\/posts\/51200\/revisions"}],"predecessor-version":[{"id":51202,"href":"https:\/\/www.maritimoportuario.cl\/mp\/wp-json\/wp\/v2\/posts\/51200\/revisions\/51202"}],"wp:featuredmedia":[{"embeddable":true,"href":"https:\/\/www.maritimoportuario.cl\/mp\/wp-json\/wp\/v2\/media\/51201"}],"wp:attachment":[{"href":"https:\/\/www.maritimoportuario.cl\/mp\/wp-json\/wp\/v2\/media?parent=51200"}],"wp:term":[{"taxonomy":"category","embeddable":true,"href":"https:\/\/www.maritimoportuario.cl\/mp\/wp-json\/wp\/v2\/categories?post=51200"},{"taxonomy":"post_tag","embeddable":true,"href":"https:\/\/www.maritimoportuario.cl\/mp\/wp-json\/wp\/v2\/tags?post=51200"}],"curies":[{"name":"wp","href":"https:\/\/api.w.org\/{rel}","templated":true}]}}