{"id":51206,"date":"2026-08-27T21:14:41","date_gmt":"2026-08-27T21:14:41","guid":{"rendered":"https:\/\/www.maritimoportuario.cl\/mp\/?p=51206"},"modified":"2026-08-27T21:14:42","modified_gmt":"2026-08-27T21:14:42","slug":"empresarios-de-oruro-conocieron-operacion-del-puerto-de-arica-y-destacan-avances-de-cadena-logistica","status":"publish","type":"post","link":"https:\/\/www.maritimoportuario.cl\/mp\/empresarios-de-oruro-conocieron-operacion-del-puerto-de-arica-y-destacan-avances-de-cadena-logistica\/","title":{"rendered":"Empresarios de Oruro conocieron operaci\u00f3n del Puerto de Arica y destacan avances de cadena log\u00edstica"},"content":{"rendered":"\n<p class=\"wp-block-paragraph\"><strong>La delegaci\u00f3n, integrada por representantes del sector empresarial de Oruro, recorri\u00f3 la Zona de Extensi\u00f3n de Actividad Portuaria (ZEAP) y las instalaciones del terminal, con el objetivo de conocer directamente el funcionamiento de la cadena log\u00edstica y fortalecer los v\u00ednculos comerciales entre Arica y Bolivia.<\/strong><\/p>\n\n\n\n<p class=\"wp-block-paragraph\">Una delegaci\u00f3n de representantes del sector empresarial del departamento de Oruro visit\u00f3la Zona de Extensi\u00f3n de la Actividad Portuaria (ZEAP) y las instalaciones del Puerto de Arica, en una jornada destinada a conocer en terreno la cadena log\u00edstica regional, los procesos de atenci\u00f3n de carga y las nuevas inversiones que buscan seguir fortaleciendo el servicio al comercio exterior boliviano.<\/p>\n\n\n\n<p class=\"wp-block-paragraph\">La actividad fue organizada en el marco de las gestiones de la Canciller\u00eda de Chile, espec\u00edficamente del C\u00f3nsul General de Chile en La Paz, Roberto Ruiz, y contempl\u00f3 un recorrido por la ZEAP, una presentaci\u00f3n sobre log\u00edstica portuaria, un encuentro con el Gobernador Regional, Diego Paco, para abordar los avances del Corredor Bioce\u00e1nico y una visita al recinto portuario.<\/p>\n\n\n\n<p class=\"wp-block-paragraph\"><strong>Fortalecer los lazos entre Oruro y Arica<\/strong><\/p>\n\n\n\n<p class=\"wp-block-paragraph\">El C\u00f3nsul General de Chile en La Paz, Roberto Ruiz, destac\u00f3 que la visita busca fortalecer la relaci\u00f3n entre Oruro y Arica y permitir que representantes del empresariado boliviano conozcan integralmente el recorrido que realizan sus mercanc\u00edas.<\/p>\n\n\n\n<p class=\"wp-block-paragraph\">Ruiz explic\u00f3 que la delegaci\u00f3n tuvo la oportunidad de conocer \u201cla cadena log\u00edstica entera\u201d, considerando el camino, el puerto, el funcionamiento del Antepuerto y el movimiento portuario, relevando especialmente la conexi\u00f3n de Oruro con Tambo Quemado y Chungar\u00e1.<\/p>\n\n\n\n<p class=\"wp-block-paragraph\">En este contexto, destac\u00f3 que Oruro trabaja en el desarrollo de un proyecto para consolidarse como un hub log\u00edstico, contando adem\u00e1s con un puerto seco que se conecta con Arica.<\/p>\n\n\n\n<p class=\"wp-block-paragraph\">El diplom\u00e1tico tambi\u00e9n valor\u00f3 el posicionamiento de Arica dentro del comercio exterior boliviano y sostuvo que el terminal regional \u201ctiene las mejores condiciones para seguir creciendo\u201d.<\/p>\n\n\n\n<p class=\"wp-block-paragraph\">\u201cEs muy importante que venga la empresa boliviana a empaparse de lo que es el puerto, porque de alguna forma les permite saber c\u00f3mo transita su carga hacia el exterior y en qu\u00e9 condiciones. Y lo que hemos visto ac\u00e1 es una gesti\u00f3n moderna y eficiente\u201d, agreg\u00f3.<\/p>\n\n\n\n<p class=\"wp-block-paragraph\"><strong>Integraci\u00f3n con los empresarios bolivianos<\/strong><\/p>\n\n\n\n<p class=\"wp-block-paragraph\">Por su parte, el presidente del Directorio de Empresa Portuaria Arica, Pedro Jaramillo, valor\u00f3 la presencia de la delegaci\u00f3n de Oruro y destac\u00f3 la importancia de generar espacios de encuentro directo con quienes participan de la cadena log\u00edstica.<\/p>\n\n\n\n<p class=\"wp-block-paragraph\">\u201cPara nosotros en Arica es muy importante poder integrar a todos los empresarios de la comunidad boliviana con la actividad portuaria y con la ciudad de Arica\u201d, sostuvo.<\/p>\n\n\n\n<p class=\"wp-block-paragraph\">Jaramillo se\u00f1al\u00f3 que este tipo de encuentros permite que los empresarios conozcan directamente c\u00f3mo funciona la log\u00edstica portuaria, cu\u00e1les son los principales desaf\u00edos y d\u00f3nde existen oportunidades de colaboraci\u00f3n.<\/p>\n\n\n\n<p class=\"wp-block-paragraph\">\u201cQue ellos entiendan c\u00f3mo es la log\u00edstica, cu\u00e1les son los cuellos de botella que tenemos, en qu\u00e9 nos pueden ayudar tambi\u00e9n es fundamental. Esta delegaci\u00f3n ha podido ver en terreno c\u00f3mo trabajamos y la importancia que tienen sus cargas para nuestra actividad\u201d, explic\u00f3.<\/p>\n\n\n\n<p class=\"wp-block-paragraph\">A\u00f1adi\u00f3: \u201cEl movimiento de carga del Puerto de Arica en m\u00e1s de un 70% proviene del mercado boliviano, por lo que la visita de los empresarios implica tener a nuestros clientes. Eso es muy importante: atenderlos bien, que entiendan bien nuestra log\u00edstica\u201d.<\/p>\n\n\n\n<p class=\"wp-block-paragraph\">Asimismo, destac\u00f3 el rol del C\u00f3nsul General de Chile en La Paz, Roberto Ruiz, en la coordinaci\u00f3n de esta iniciativa.<\/p>\n\n\n\n<p class=\"wp-block-paragraph\">Durante el recorrido, la delegaci\u00f3n tambi\u00e9n pudo conocer las nuevas instalaciones destinadas al manejo de minerales, particularmente el terminal de Impala, recientemente inaugurado en la ZEAP.<\/p>\n\n\n\n<p class=\"wp-block-paragraph\">El titular de EPA destac\u00f3 que esta infraestructura representa un avance en los est\u00e1ndares de atenci\u00f3n de la carga boliviana, mejorando los tiempos de atenci\u00f3n y avanzando hacia una operaci\u00f3n con mejores condiciones ambientales.<\/p>\n\n\n\n<p class=\"wp-block-paragraph\"><strong>Oportunidades de desarrollo y Corredor Bioce\u00e1nico<\/strong><\/p>\n\n\n\n<p class=\"wp-block-paragraph\">Tambi\u00e9n particip\u00f3 de la jornada Camilo Jobet, gerente general de Terminal Puerto Arica (TPA), quien destac\u00f3 el inter\u00e9s de la delegaci\u00f3n por conocer las posibilidades de desarrollo de negocios y movilizaci\u00f3n de mercanc\u00edas a trav\u00e9s del Puerto de Arica.<\/p>\n\n\n\n<p class=\"wp-block-paragraph\">Junto con destacar la gesti\u00f3n del C\u00f3nsul de Chile en La Paz,calific\u00f3 el encuentro como una instancia \u201ctremendamente enriquecedora\u201d, ya que permite conocer directamente las dificultades que enfrentan los distintos actores de la cadena log\u00edstica y buscar espacios de colaboraci\u00f3n.<\/p>\n\n\n\n<p class=\"wp-block-paragraph\">\u201cNos permite entender cu\u00e1les son sus dificultades y d\u00f3nde tanto nosotros como ellos podemos ir aportando junto a los importadores y exportadores de Bolivia para hacer un servicio cada vez m\u00e1s eficiente, de mejor calidad y acorde a las necesidades de todos nuestros clientes\u201d, explic\u00f3.<\/p>\n\n\n\n<p class=\"wp-block-paragraph\">Asimismo, destac\u00f3 la relevancia de este trabajo de vinculaci\u00f3n considerando las oportunidades que representa el desarrollo del Corredor Bioce\u00e1nico, que plantea nuevos desaf\u00edos y oportunidades para la integraci\u00f3n log\u00edstica y comercial de la regi\u00f3n.<\/p>\n\n\n\n<p class=\"wp-block-paragraph\"><strong>Empresarios de Oruro valoran experiencia en terreno<\/strong><\/p>\n\n\n\n<p class=\"wp-block-paragraph\">Desde la delegaci\u00f3n boliviana, la presidenta de la Federaci\u00f3n de Empresarios Privados de Oruro, Yelaida Pe\u00f1afiel Torres, valor\u00f3 especialmente la posibilidad de conocer presencialmente una operaci\u00f3n que hasta ahora hab\u00edan observado principalmente desde una perspectiva te\u00f3rica.<\/p>\n\n\n\n<p class=\"wp-block-paragraph\">\u201cComo comitiva hemos podido ver el trabajo pr\u00e1ctico que se realiza en el puerto. Realmente muy interesante. La log\u00edstica es muy avanzada, ayuda a los empresarios bolivianos. Con los nuevos proyectos sin duda dar\u00e1n un mejor servicio para Bolivia\u201d, se\u00f1al\u00f3.<\/p>\n\n\n\n<p class=\"wp-block-paragraph\">Por su parte, la presidenta de la C\u00e1mara de Comercio de Oruro, Sonia Rocha, destac\u00f3 las condiciones que ofrece el Antepuerto al transportista y las nuevas soluciones log\u00edsticas implementadas.<\/p>\n\n\n\n<p class=\"wp-block-paragraph\">\u201cEs importante que nuestros asociados conozcan el trabajo, por ejemplo, del Antepuerto, que realmente nos ha impresionado porque les dan muchas facilidades a los transportistas, mucha comodidad para que ellos puedan venir y pasar el tiempo de espera que tienen para embarcar su mercader\u00eda y realmente es muy humano el trabajo que est\u00e1n haciendo\u201d, concluy\u00f3.<\/p>\n\n\n\n<p class=\"wp-block-paragraph\">La visita permiti\u00f3 as\u00ed fortalecer el di\u00e1logo directo entre el Puerto de Arica y representantes del sector empresarial de Oruro, generando un espacio para conocer los avances de la operaci\u00f3n, identificar oportunidades de mejora y continuar estrechando los v\u00ednculos entre ambos territorios.<\/p>\n\n\n\n<p class=\"wp-block-paragraph\">Mar\u00edtimo Portuario Comunicaciones<\/p>\n\n\n\n<p class=\"wp-block-paragraph\"><\/p>\n","protected":false},"excerpt":{"rendered":"<p>La delegaci\u00f3n, integrada por representantes del sector empresarial de Oruro, recorri\u00f3 la Zona de Extensi\u00f3n de Actividad Portuaria (ZEAP) y las instalaciones del terminal, con el objetivo de conocer directamente el funcionamiento de la cadena log\u00edstica y fortalecer los v\u00ednculos comerciales entre Arica y Bolivia. Una delegaci\u00f3n de representantes del sector empresarial del departamento de<span class=\"read-more\"><a href=\"https:\/\/www.maritimoportuario.cl\/mp\/empresarios-de-oruro-conocieron-operacion-del-puerto-de-arica-y-destacan-avances-de-cadena-logistica\/\" title=\"Leer m\u00e1s\">M\u00e1s<\/a><\/span><\/p>\n","protected":false},"author":7,"featured_media":51207,"comment_status":"open","ping_status":"open","sticky":false,"template":"","format":"standard","meta":{"rop_custom_images_group":[],"rop_custom_messages_group":[],"rop_publish_now":"no","rop_publish_now_accounts":{"facebook_10162570881181292_1669217483306580":""},"rop_publish_now_history":[{"account":"facebook_10162570881181292_1669217483306580","service":"facebook","timestamp":1787865298,"status":"success"}],"rop_publish_now_status":"done","footnotes":""},"categories":[92],"tags":[],"class_list":["post-51206","post","type-post","status-publish","format-standard","has-post-thumbnail","category-destacados"],"_links":{"self":[{"href":"https:\/\/www.maritimoportuario.cl\/mp\/wp-json\/wp\/v2\/posts\/51206","targetHints":{"allow":["GET"]}}],"collection":[{"href":"https:\/\/www.maritimoportuario.cl\/mp\/wp-json\/wp\/v2\/posts"}],"about":[{"href":"https:\/\/www.maritimoportuario.cl\/mp\/wp-json\/wp\/v2\/types\/post"}],"author":[{"embeddable":true,"href":"https:\/\/www.maritimoportuario.cl\/mp\/wp-json\/wp\/v2\/users\/7"}],"replies":[{"embeddable":true,"href":"https:\/\/www.maritimoportuario.cl\/mp\/wp-json\/wp\/v2\/comments?post=51206"}],"version-history":[{"count":1,"href":"https:\/\/www.maritimoportuario.cl\/mp\/wp-json\/wp\/v2\/posts\/51206\/revisions"}],"predecessor-version":[{"id":51208,"href":"https:\/\/www.maritimoportuario.cl\/mp\/wp-json\/wp\/v2\/posts\/51206\/revisions\/51208"}],"wp:featuredmedia":[{"embeddable":true,"href":"https:\/\/www.maritimoportuario.cl\/mp\/wp-json\/wp\/v2\/media\/51207"}],"wp:attachment":[{"href":"https:\/\/www.maritimoportuario.cl\/mp\/wp-json\/wp\/v2\/media?parent=51206"}],"wp:term":[{"taxonomy":"category","embeddable":true,"href":"https:\/\/www.maritimoportuario.cl\/mp\/wp-json\/wp\/v2\/categories?post=51206"},{"taxonomy":"post_tag","embeddable":true,"href":"https:\/\/www.maritimoportuario.cl\/mp\/wp-json\/wp\/v2\/tags?post=51206"}],"curies":[{"name":"wp","href":"https:\/\/api.w.org\/{rel}","templated":true}]}}