{"id":51224,"date":"2026-08-31T00:53:05","date_gmt":"2026-08-31T00:53:05","guid":{"rendered":"https:\/\/www.maritimoportuario.cl\/mp\/?p=51224"},"modified":"2026-08-31T00:53:05","modified_gmt":"2026-08-31T00:53:05","slug":"loreto-seguel-asumira-la-presidencia-de-camport","status":"publish","type":"post","link":"https:\/\/www.maritimoportuario.cl\/mp\/loreto-seguel-asumira-la-presidencia-de-camport\/","title":{"rendered":"Loreto Seguel asumir\u00e1 la presidencia de CAMPORT"},"content":{"rendered":"\n<ul class=\"wp-block-list\"><\/ul>\n\n\n\n<p class=\"wp-block-paragraph\"><strong>Su incorporaci\u00f3n busca sumar una nueva mirada frente a los desaf\u00edos de infraestructura, log\u00edstica, competitividad y el desarrollo portuario que enfrentar\u00e1 Chile en los pr\u00f3ximos a\u00f1os.<\/strong><\/p>\n\n\n\n<p class=\"wp-block-paragraph\">La actual presidenta ejecutiva del Consejo del Salm\u00f3n, Loreto Seguel, asumir\u00e1 en los pr\u00f3ximos meses la presidencia de la C\u00e1mara Mar\u00edtima y Portuaria de Chile (CAMPORT), una vez concluido el per\u00edodo de Daniel Fern\u00e1ndez al frente del gremio.<\/p>\n\n\n\n<p class=\"wp-block-paragraph\">La llegada de Loreto Seguel marcar\u00e1 un nuevo ciclo para CAMPORT, organizaci\u00f3n que re\u00fane a empresas vinculadas a la actividad mar\u00edtima y portuaria y que cumple un rol central en el desarrollo de una industria estrat\u00e9gica para el funcionamiento de una econom\u00eda abierta y conectada con el mundo.<\/p>\n\n\n\n<p class=\"wp-block-paragraph\">Seguel cuenta con una trayectoria de m\u00e1s de 20 a\u00f1os en el sector p\u00fablico y privado, combinando experiencia p\u00fablica, empresarial, gremial y en directorios de empresas. Es ingeniera civil y mag\u00edster en Ciencias de la Ingenier\u00eda de la Pontificia Universidad Cat\u00f3lica de Chile.<\/p>\n\n\n\n<p class=\"wp-block-paragraph\">Entre 2018 y 2021 presidi\u00f3 la Empresa Portuaria de Arica y posteriormente se desempe\u00f1\u00f3 como presidenta del Sistema de Empresas P\u00fablicas. Tambi\u00e9n fue subsecretaria de Servicios Sociales y ministra de la Mujer durante el primer gobierno de Sebasti\u00e1n Pi\u00f1era.<\/p>\n\n\n\n<p class=\"wp-block-paragraph\">Desde diciembre de 2022 lidera el Consejo del Salm\u00f3n, donde ha impulsado una agenda vinculada al crecimiento de la industria, el desarrollo regional, la sostenibilidad y la colaboraci\u00f3n p\u00fablico-privada.<\/p>\n\n\n\n<p class=\"wp-block-paragraph\"><strong>Una trayectoria vinculada al mundo portuario y productivo<\/strong><\/p>\n\n\n\n<p class=\"wp-block-paragraph\">Su experiencia previa en el mundo portuario ser\u00e1 un aporte relevante para los desaf\u00edos que CAMPORT deber\u00e1 enfrentar en los pr\u00f3ximos a\u00f1os. Fue presidenta de la Empresa Portuaria de Arica y posteriormente encabez\u00f3 el Sistema de Empresas P\u00fablicas, entidad que supervisa a las compa\u00f1\u00edas estatales estrat\u00e9gicas del pa\u00eds.<\/p>\n\n\n\n<p class=\"wp-block-paragraph\">A su vez, tiene amplia experiencia en sectores productivos estrat\u00e9gicos para el pa\u00eds. Actualmente lidera el Consejo del Salm\u00f3n, gremio que representa a la segunda industria exportadora de Chile y desde donde ha impulsado una agenda centrada en el crecimiento de la industria, el desarrollo de las regiones del sur, la sostenibilidad y una mayor articulaci\u00f3n p\u00fablico-privada.<\/p>\n\n\n\n<p class=\"wp-block-paragraph\">Su trayectoria vinculada al mundo portuario y productivo son parte de los principales atributos de la nueva presidenta de CAMPORT, en un sector que, para un pa\u00eds abierto al mundo como Chile, representan puerta de entrada y salida de bienes y una pieza fundamental para el funcionamiento de toda nuestra econom\u00eda.<\/p>\n\n\n\n<p class=\"wp-block-paragraph\"><strong>Reconocimiento a una d\u00e9cada de liderazgo<\/strong><\/p>\n\n\n\n<p class=\"wp-block-paragraph\">Loreto Seguel suceder\u00e1 a Daniel Fern\u00e1ndez, quien dejar\u00e1 la presidencia de CAMPORT luego de casi diez a\u00f1os de liderazgo al frente de la organizaci\u00f3n.<\/p>\n\n\n\n<p class=\"wp-block-paragraph\">El Directorio de CAMPORT agradece especialmente el liderazgo, compromiso y aporte de Daniel Fern\u00e1ndez durante este per\u00edodo, en cual el gremio fortaleci\u00f3 su presencia en el debate sobre infraestructura, log\u00edstica, comercio exterior y desarrollo portuario, promoviendo una agenda de colaboraci\u00f3n p\u00fablico-privada y relevando el papel estrat\u00e9gico de los puertos para la econom\u00eda chilena.<\/p>\n\n\n\n<p class=\"wp-block-paragraph\">El cambio de liderazgo busca abordar los desaf\u00edos actuales de competitividad, infraestructura y desarrollo portuario del pa\u00eds al trabajo desarrollado por CAMPORT y, al mismo tiempo, incorporar una nueva mirada frente a los desaf\u00edos de infraestructura, log\u00edstica, competitividad y el desarrollo portuario que enfrentar\u00e1 Chile durante los pr\u00f3ximos a\u00f1os.<\/p>\n\n\n\n<p class=\"wp-block-paragraph\">Mar\u00edtimo Portuario Comunicaciones<\/p>\n","protected":false},"excerpt":{"rendered":"<p>Su incorporaci\u00f3n busca sumar una nueva mirada frente a los desaf\u00edos de infraestructura, log\u00edstica, competitividad y el desarrollo portuario que enfrentar\u00e1 Chile en los pr\u00f3ximos a\u00f1os. La actual presidenta ejecutiva del Consejo del Salm\u00f3n, Loreto Seguel, asumir\u00e1 en los pr\u00f3ximos meses la presidencia de la C\u00e1mara Mar\u00edtima y Portuaria de Chile (CAMPORT), una vez concluido<span class=\"read-more\"><a href=\"https:\/\/www.maritimoportuario.cl\/mp\/loreto-seguel-asumira-la-presidencia-de-camport\/\" title=\"Leer m\u00e1s\">M\u00e1s<\/a><\/span><\/p>\n","protected":false},"author":7,"featured_media":51225,"comment_status":"open","ping_status":"open","sticky":false,"template":"","format":"standard","meta":{"rop_custom_images_group":[],"rop_custom_messages_group":[],"rop_publish_now":"no","rop_publish_now_accounts":{"facebook_10162570881181292_1669217483306580":""},"rop_publish_now_history":[{"account":"facebook_10162570881181292_1669217483306580","service":"facebook","timestamp":1788137603,"status":"success"}],"rop_publish_now_status":"done","footnotes":""},"categories":[92],"tags":[],"class_list":["post-51224","post","type-post","status-publish","format-standard","has-post-thumbnail","category-destacados"],"_links":{"self":[{"href":"https:\/\/www.maritimoportuario.cl\/mp\/wp-json\/wp\/v2\/posts\/51224","targetHints":{"allow":["GET"]}}],"collection":[{"href":"https:\/\/www.maritimoportuario.cl\/mp\/wp-json\/wp\/v2\/posts"}],"about":[{"href":"https:\/\/www.maritimoportuario.cl\/mp\/wp-json\/wp\/v2\/types\/post"}],"author":[{"embeddable":true,"href":"https:\/\/www.maritimoportuario.cl\/mp\/wp-json\/wp\/v2\/users\/7"}],"replies":[{"embeddable":true,"href":"https:\/\/www.maritimoportuario.cl\/mp\/wp-json\/wp\/v2\/comments?post=51224"}],"version-history":[{"count":1,"href":"https:\/\/www.maritimoportuario.cl\/mp\/wp-json\/wp\/v2\/posts\/51224\/revisions"}],"predecessor-version":[{"id":51226,"href":"https:\/\/www.maritimoportuario.cl\/mp\/wp-json\/wp\/v2\/posts\/51224\/revisions\/51226"}],"wp:featuredmedia":[{"embeddable":true,"href":"https:\/\/www.maritimoportuario.cl\/mp\/wp-json\/wp\/v2\/media\/51225"}],"wp:attachment":[{"href":"https:\/\/www.maritimoportuario.cl\/mp\/wp-json\/wp\/v2\/media?parent=51224"}],"wp:term":[{"taxonomy":"category","embeddable":true,"href":"https:\/\/www.maritimoportuario.cl\/mp\/wp-json\/wp\/v2\/categories?post=51224"},{"taxonomy":"post_tag","embeddable":true,"href":"https:\/\/www.maritimoportuario.cl\/mp\/wp-json\/wp\/v2\/tags?post=51224"}],"curies":[{"name":"wp","href":"https:\/\/api.w.org\/{rel}","templated":true}]}}