{"id":51236,"date":"2026-09-01T02:27:18","date_gmt":"2026-09-01T02:27:18","guid":{"rendered":"https:\/\/www.maritimoportuario.cl\/mp\/?p=51236"},"modified":"2026-09-02T02:23:53","modified_gmt":"2026-09-02T02:23:53","slug":"puerto-san-antonio-y-locatarios-avanzan-en-un-plan-de-trabajo-para-fortalecer-el-paseo-bellamar","status":"publish","type":"post","link":"https:\/\/www.maritimoportuario.cl\/mp\/puerto-san-antonio-y-locatarios-avanzan-en-un-plan-de-trabajo-para-fortalecer-el-paseo-bellamar\/","title":{"rendered":"Puerto San Antonio y locatarios avanzan en un plan de trabajo para fortalecer el Paseo Bellamar\u00a0"},"content":{"rendered":"\n<p class=\"wp-block-paragraph\">En el marco de su trabajo con la comunidad y de la relaci\u00f3n ciudad-puerto, Puerto San Antonio realiz\u00f3 una jornada de trabajo con los locatarios del Paseo Bellamar, orientada a definir acciones para mejorar el funcionamiento del espacio y potenciar su atractivo para los habitantes de San Antonio y quienes visitan la ciudad.<\/p>\n\n\n\n<p class=\"wp-block-paragraph\">Durante el encuentro se abordaron materias directamente relacionadas con el funcionamiento del paseo, entre ellas la seguridad y el programa de actividades para el \u00faltimo cuatrimestre de 2026.<\/p>\n\n\n\n<p class=\"wp-block-paragraph\">Junto con estas medidas de gesti\u00f3n, se present\u00f3 el proyecto de puesta en valor, identidad y proyecci\u00f3n del Paseo Bellamar, que considera una intervenci\u00f3n urbana y est\u00e9tica de sus ocho naves, el fortalecimiento de la actividad de los 48 artesanos y un proceso de dise\u00f1o participativo desarrollado junto a la Pontificia Universidad Cat\u00f3lica de Valpara\u00edso.<\/p>\n\n\n\n<p class=\"wp-block-paragraph\">Dicha iniciativa busca recuperar y proyectar la identidad portuaria y mar\u00edtima del lugar, mejorar la experiencia de quienes recorren el paseo y generar mejores condiciones para el desarrollo de la actividad artesanal, comercial y tur\u00edstica.<\/p>\n\n\n\n<p class=\"wp-block-paragraph\">El plan contempla dar continuidad a las actividades abiertas a la comunidad y fortalecer la coordinaci\u00f3n en materia de seguridad, incluyendo la participaci\u00f3n de Puerto San Antonio en la Mesa del Consejo de Seguridad P\u00fablica.<\/p>\n\n\n\n<p class=\"wp-block-paragraph\">De esta manera, Puerto San Antonio y los locatarios buscan avanzar desde las necesidades actuales del Paseo Bellamar hacia un proyecto com\u00fan de mejoramiento, que combine orden, seguridad, actividad comercial, identidad local y una mayor vinculaci\u00f3n con la comunidad y el turismo.<\/p>\n\n\n\n<p class=\"wp-block-paragraph\">El subgerente de Relacionamiento Comunitario de Puerto San Antonio, Victoriano G\u00f3mez, asegur\u00f3 que \u201cqueremos que el Paseo Bellamar funcione mejor y que tambi\u00e9n sea un lugar cada vez m\u00e1s atractivo para los sanantoninos y para quienes visitan nuestra ciudad. Para eso estamos trabajando en temas muy concretos: regularizaci\u00f3n comercial, seguridad, recuperaci\u00f3n de locales, actividades y un proyecto de renovaci\u00f3n de la imagen del paseo, construido junto a sus propios locatarios\u201d.<\/p>\n\n\n\n<p class=\"wp-block-paragraph\">Para Esteban Contreras, presidente de la Coordinadora Cultural y Social Artesanos del Paseo Bellamar, se trat\u00f3 de una instancia valiosa \u201cya que hemos estado avanzando en algunos puntos bien importantes para los locatarios del paseo Bellamar, no solamente para las agrupaciones, sino que para todos los locatarios. Tambi\u00e9n hay una programaci\u00f3n de actividades que se han realizado y otras que se vienen, para poder potenciarlo y rescatarlo como un ente de la cultura, la artesan\u00eda y el turismo\u201d.<\/p>\n\n\n\n<p class=\"wp-block-paragraph\">Clara N\u00fa\u00f1ez, quien se desempe\u00f1a como artesana, resalt\u00f3 esta coordinaci\u00f3n y tambi\u00e9n \u201clas actividades que se est\u00e1n desarrollando, porque eso sirve para atraer al p\u00fablico y que visiten nuestros puestos. Lo importante es darle vida al Paseo Bellamar y que se valore lo que significa para San Antonio\u201d.<\/p>\n\n\n\n<p class=\"wp-block-paragraph\">Mar\u00edtimo Portuario Comunicaciones<\/p>\n","protected":false},"excerpt":{"rendered":"<p>En el marco de su trabajo con la comunidad y de la relaci\u00f3n ciudad-puerto, Puerto San Antonio realiz\u00f3 una jornada de trabajo con los locatarios del Paseo Bellamar, orientada a definir acciones para mejorar el funcionamiento del espacio y potenciar su atractivo para los habitantes de San Antonio y quienes visitan la ciudad. Durante el<span class=\"read-more\"><a href=\"https:\/\/www.maritimoportuario.cl\/mp\/puerto-san-antonio-y-locatarios-avanzan-en-un-plan-de-trabajo-para-fortalecer-el-paseo-bellamar\/\" title=\"Leer m\u00e1s\">M\u00e1s<\/a><\/span><\/p>\n","protected":false},"author":7,"featured_media":51237,"comment_status":"open","ping_status":"open","sticky":false,"template":"","format":"standard","meta":{"rop_custom_images_group":[],"rop_custom_messages_group":[],"rop_publish_now":"no","rop_publish_now_accounts":{"facebook_10162570881181292_1669217483306580":""},"rop_publish_now_history":[{"account":"facebook_10162570881181292_1669217483306580","service":"facebook","timestamp":1788229659,"status":"success"}],"rop_publish_now_status":"done","footnotes":""},"categories":[71],"tags":[],"class_list":["post-51236","post","type-post","status-publish","format-standard","has-post-thumbnail","category-nacionales"],"_links":{"self":[{"href":"https:\/\/www.maritimoportuario.cl\/mp\/wp-json\/wp\/v2\/posts\/51236","targetHints":{"allow":["GET"]}}],"collection":[{"href":"https:\/\/www.maritimoportuario.cl\/mp\/wp-json\/wp\/v2\/posts"}],"about":[{"href":"https:\/\/www.maritimoportuario.cl\/mp\/wp-json\/wp\/v2\/types\/post"}],"author":[{"embeddable":true,"href":"https:\/\/www.maritimoportuario.cl\/mp\/wp-json\/wp\/v2\/users\/7"}],"replies":[{"embeddable":true,"href":"https:\/\/www.maritimoportuario.cl\/mp\/wp-json\/wp\/v2\/comments?post=51236"}],"version-history":[{"count":1,"href":"https:\/\/www.maritimoportuario.cl\/mp\/wp-json\/wp\/v2\/posts\/51236\/revisions"}],"predecessor-version":[{"id":51238,"href":"https:\/\/www.maritimoportuario.cl\/mp\/wp-json\/wp\/v2\/posts\/51236\/revisions\/51238"}],"wp:featuredmedia":[{"embeddable":true,"href":"https:\/\/www.maritimoportuario.cl\/mp\/wp-json\/wp\/v2\/media\/51237"}],"wp:attachment":[{"href":"https:\/\/www.maritimoportuario.cl\/mp\/wp-json\/wp\/v2\/media?parent=51236"}],"wp:term":[{"taxonomy":"category","embeddable":true,"href":"https:\/\/www.maritimoportuario.cl\/mp\/wp-json\/wp\/v2\/categories?post=51236"},{"taxonomy":"post_tag","embeddable":true,"href":"https:\/\/www.maritimoportuario.cl\/mp\/wp-json\/wp\/v2\/tags?post=51236"}],"curies":[{"name":"wp","href":"https:\/\/api.w.org\/{rel}","templated":true}]}}