{"id":51239,"date":"2026-09-01T02:32:50","date_gmt":"2026-09-01T02:32:50","guid":{"rendered":"https:\/\/www.maritimoportuario.cl\/mp\/?p=51239"},"modified":"2026-09-02T22:07:24","modified_gmt":"2026-09-02T22:07:24","slug":"parlamentarios-de-tarapaca-valoran-propuesta-de-epi-sobre-politica-logistica-regional","status":"publish","type":"post","link":"https:\/\/www.maritimoportuario.cl\/mp\/parlamentarios-de-tarapaca-valoran-propuesta-de-epi-sobre-politica-logistica-regional\/","title":{"rendered":"Parlamentarios de Tarapac\u00e1 valoran propuesta de EPI sobre Pol\u00edtica Log\u00edstica Regional"},"content":{"rendered":"\n<p class=\"wp-block-paragraph\">En el marco del proceso de sociabilizaci\u00f3n de la propuesta de Pol\u00edtica Log\u00edstica Regional, el presidente del Directorio de la Empresa Portuaria Iquique (EPI), Max Barrera, junto al gerente general de la estatal, Rub\u00e9n Castro, sostuvieron una fruct\u00edfera reuni\u00f3n de trabajo con los parlamentarios de la Regi\u00f3n de Tarapac\u00e1.<\/p>\n\n\n\n<p class=\"wp-block-paragraph\">El objetivo de la cita fue presentar en detalle los ejes estrat\u00e9gicos de la propuesta impulsada por EPI, la cual busca consolidar a Tarapac\u00e1 como un nodo log\u00edstico en la macrozona sudamericana, fortaleciendo la infraestructura, la digitalizaci\u00f3n, la sostenibilidad y la conectividad con proyectos clave como los corredores bioce\u00e1nicos y la articulaci\u00f3n con la zona franca de Iquique y el desarrollo de proyectos mineros de la regi\u00f3n y de pa\u00edses vecinos.<\/p>\n\n\n\n<p class=\"wp-block-paragraph\">Durante el encuentro, los senadores que asistieron Renzo Trisotti y Danisa Astudillo, adem\u00e1s de los diputados Ximena Jofr\u00e9 y \u00c1lvaro Jofr\u00e9, destacaron y valoraron la iniciativa de EPI de abrir espacios de di\u00e1logo directo y transparente. Entregaron sus visiones y aportes para nutrir la propuesta, reafirmando un compromiso transversal.<\/p>\n\n\n\n<p class=\"wp-block-paragraph\">Al respecto, el presidente del Directorio de EPI, Max Barrera, se\u00f1al\u00f3: \u201cAgradecemos profundamente el compromiso y la excelente disposici\u00f3n de los parlamentarios de nuestra regi\u00f3n. Para la Empresa Portuaria Iquique es fundamental que la propuesta de Pol\u00edtica Log\u00edstica Regional no se construya entre cuatro paredes, sino a partir de miradas diversas y representativas. Valoramos enormemente la discusi\u00f3n y an\u00e1lisis aportados, porque estamos convencidos de que solo a trav\u00e9s de este trabajo conjunto lograremos dise\u00f1ar un instrumento robusto, que responda a los verdaderos desaf\u00edos de la regi\u00f3n y as\u00ed se planifique con \u00e9xito el desarrollo futuro de Tarapac\u00e1\u00bb.<\/p>\n\n\n\n<p class=\"wp-block-paragraph\">Para Trisotti, \u201cla ciudad de Iquique no se concibe sin un puerto fuerte y competitivo. Conversar con todos los sectores pol\u00edticos respecto a una visi\u00f3n estrat\u00e9gica y de futuro va en la l\u00ednea correcta de lo que debemos hacer hoy para tener los mejores resultados ma\u00f1ana. Cuando pensamos en el futuro de la Regi\u00f3n de Tarapac\u00e1, esto va inevitablemente de la mano con un puerto fuerte.\u00bb<\/p>\n\n\n\n<p class=\"wp-block-paragraph\">La senadora Astudillo valor\u00f3 la actividad mencionando que \u201ces fundamental que todos quienes somos autoridades o representantes en la Regi\u00f3n de Tarapac\u00e1, podamos dialogar tambi\u00e9n con el mundo empresarial para pensar nuestra regi\u00f3n hacia el futuro. En estos espacios de trabajo cada uno tiene un rol que cumplir, pero lo que m\u00e1s ha faltado es coordinaci\u00f3n. Por lo tanto, al poder hacer intercambio de informaci\u00f3n, de opiniones y construir a partir de estas reuniones un plan de trabajo hacia el futuro, creo que vamos a poder lograr las metas que por tantos a\u00f1os se han venido esperando\u201d.<\/p>\n\n\n\n<p class=\"wp-block-paragraph\">Mientras, la diputada Naranjo precis\u00f3 que \u201cestas instancias de trabajo son muy importantes para el avance de nuestra regi\u00f3n. Los diagn\u00f3sticos est\u00e1n hechos. Hoy d\u00eda la gerencia del puerto en conjunto con sus directores est\u00e9n trabajando en conjunto para poder lograr una iniciativa concreta, un plan de trabajo, una modalidad que nos lleve a un buen fin. Lo importante es llegar a la soluci\u00f3n, porque los problemas los sabemos todos. Hoy est\u00e1n los parlamentarios de forma transversal conversando un problema que es de nuestra querida regi\u00f3n de Tarapac\u00e1\u201d.<\/p>\n\n\n\n<p class=\"wp-block-paragraph\">Por su parte, el diputado Jofr\u00e9 resalt\u00f3 que \u201cestoy feliz de participar en la reuni\u00f3n con el directorio, y tambi\u00e9n con su gerente. Porque creo que son los \u00e1nimos que deben cambiar, el ambiente debe cambiar. Y no solamente una estrategia desde la mirada del puerto, sino que de la mancomuni\u00f3n con otros sectores, no solamente el sector p\u00fablico \u2014como zona franca\u2014 sino que de otros sectores, como el log\u00edstico. Estamos esperando con ansias el plan maestro, las definiciones, junto con el cumplimiento de metas que se ha fijado el directorio\u201d.<\/p>\n\n\n\n<p class=\"wp-block-paragraph\">Esta jornada forma parte del plan de encuentros y gobernanza participativa que EPI lleva adelante con diversos actores para consolidar una estrategia log\u00edstica de mediano y largo plazo.<\/p>\n","protected":false},"excerpt":{"rendered":"<p>En el marco del proceso de sociabilizaci\u00f3n de la propuesta de Pol\u00edtica Log\u00edstica Regional, el presidente del Directorio de la Empresa Portuaria Iquique (EPI), Max Barrera, junto al gerente general de la estatal, Rub\u00e9n Castro, sostuvieron una fruct\u00edfera reuni\u00f3n de trabajo con los parlamentarios de la Regi\u00f3n de Tarapac\u00e1. El objetivo de la cita fue<span class=\"read-more\"><a href=\"https:\/\/www.maritimoportuario.cl\/mp\/parlamentarios-de-tarapaca-valoran-propuesta-de-epi-sobre-politica-logistica-regional\/\" title=\"Leer m\u00e1s\">M\u00e1s<\/a><\/span><\/p>\n","protected":false},"author":7,"featured_media":51240,"comment_status":"open","ping_status":"open","sticky":false,"template":"","format":"standard","meta":{"rop_custom_images_group":[],"rop_custom_messages_group":[],"rop_publish_now":"no","rop_publish_now_accounts":{"facebook_10162570881181292_1669217483306580":""},"rop_publish_now_history":[{"account":"facebook_10162570881181292_1669217483306580","service":"facebook","timestamp":1788229989,"status":"success"}],"rop_publish_now_status":"done","footnotes":""},"categories":[71],"tags":[],"class_list":["post-51239","post","type-post","status-publish","format-standard","has-post-thumbnail","category-nacionales"],"_links":{"self":[{"href":"https:\/\/www.maritimoportuario.cl\/mp\/wp-json\/wp\/v2\/posts\/51239","targetHints":{"allow":["GET"]}}],"collection":[{"href":"https:\/\/www.maritimoportuario.cl\/mp\/wp-json\/wp\/v2\/posts"}],"about":[{"href":"https:\/\/www.maritimoportuario.cl\/mp\/wp-json\/wp\/v2\/types\/post"}],"author":[{"embeddable":true,"href":"https:\/\/www.maritimoportuario.cl\/mp\/wp-json\/wp\/v2\/users\/7"}],"replies":[{"embeddable":true,"href":"https:\/\/www.maritimoportuario.cl\/mp\/wp-json\/wp\/v2\/comments?post=51239"}],"version-history":[{"count":1,"href":"https:\/\/www.maritimoportuario.cl\/mp\/wp-json\/wp\/v2\/posts\/51239\/revisions"}],"predecessor-version":[{"id":51241,"href":"https:\/\/www.maritimoportuario.cl\/mp\/wp-json\/wp\/v2\/posts\/51239\/revisions\/51241"}],"wp:featuredmedia":[{"embeddable":true,"href":"https:\/\/www.maritimoportuario.cl\/mp\/wp-json\/wp\/v2\/media\/51240"}],"wp:attachment":[{"href":"https:\/\/www.maritimoportuario.cl\/mp\/wp-json\/wp\/v2\/media?parent=51239"}],"wp:term":[{"taxonomy":"category","embeddable":true,"href":"https:\/\/www.maritimoportuario.cl\/mp\/wp-json\/wp\/v2\/categories?post=51239"},{"taxonomy":"post_tag","embeddable":true,"href":"https:\/\/www.maritimoportuario.cl\/mp\/wp-json\/wp\/v2\/tags?post=51239"}],"curies":[{"name":"wp","href":"https:\/\/api.w.org\/{rel}","templated":true}]}}