{"id":51249,"date":"2026-09-02T21:58:55","date_gmt":"2026-09-02T21:58:55","guid":{"rendered":"https:\/\/www.maritimoportuario.cl\/mp\/?p=51249"},"modified":"2026-09-02T21:58:56","modified_gmt":"2026-09-02T21:58:56","slug":"sector-portuario-se-suma-a-mesa-de-fomento-productivo-de-arica-y-parinacota","status":"publish","type":"post","link":"https:\/\/www.maritimoportuario.cl\/mp\/sector-portuario-se-suma-a-mesa-de-fomento-productivo-de-arica-y-parinacota\/","title":{"rendered":"Sector portuario se suma a mesa de fomento productivo de Arica y Parinacota\u00a0"},"content":{"rendered":"\n<p class=\"wp-block-paragraph\"><strong><em>Gerald Kong, gerente de Ultraport Arica, fue designado por el Consejo Regional para representar al mundo laboral en el Comit\u00e9 de Desarrollo Productivo Regional (CDPR), el organismo que asigna recursos a proyectos de innovaci\u00f3n, emprendimiento y competitividad en la zona.<\/em><\/strong><\/p>\n\n\n\n<p class=\"wp-block-paragraph\">El CDPR re\u00fane a representantes p\u00fablicos y privados de Arica y Parinacota y define, entre otras materias, las prioridades de turismo, innovaci\u00f3n, agricultura, sustentabilidad, equidad de g\u00e9nero, log\u00edstica y desarrollo territorial para 2026. Lo preside el gobernador regional, Diego Paco Mamani, y su directora ejecutiva es Mirtha Arancibia, directora regional de Corfo.<\/p>\n\n\n\n<p class=\"wp-block-paragraph\">Gerald Kong, gerente de Ultraport Arica, empresa portuaria con operaciones en distintos puertos y terminales de Chile, ingres\u00f3 al CDPR como representante del mundo laboral, tras ser designado por el Consejo Regional. Desde esta instancia participar\u00e1 en el an\u00e1lisis y la toma de decisiones sobre iniciativas orientadas a fortalecer la competitividad y el desarrollo productivo del territorio.<\/p>\n\n\n\n<p class=\"wp-block-paragraph\">Sobre este nuevo ingreso, Mirtha Arancibia coment\u00f3 que: \u201cGerald Kong aporta una destacada trayectoria profesional y una valiosa visi\u00f3n del sector productivo regional. Su experiencia en una empresa l\u00edder de la industria log\u00edstica fortalece el trabajo del Comit\u00e9, especialmente en un \u00e1mbito estrat\u00e9gico para el desarrollo de Arica y Parinacota.\u00bb<\/p>\n\n\n\n<p class=\"wp-block-paragraph\">\u201cValoro mucho la oportunidad de ser parte de una instancia que re\u00fane distintas miradas y capacidades en torno al desarrollo de una regi\u00f3n tan estrat\u00e9gica para nuestro pa\u00eds. Estos espacios de colaboraci\u00f3n son clave para impulsar iniciativas que respondan a las necesidades de la regi\u00f3n y contribuyan a fortalecer su competitividad, su actividad productiva y desarrollo social\u201d, afirm\u00f3 Gerald Kong.<\/p>\n\n\n\n<p class=\"wp-block-paragraph\">Gerald lidera actualmente la operaci\u00f3n de Ultraport Arica y participa en otras instancias de colaboraci\u00f3n p\u00fablico-privada en la regi\u00f3n. Es director de la Comunidad Log\u00edstica Portuaria de Arica y director suplente de la Asociaci\u00f3n de Industriales de Arica (Asinda). Su llegada suma al comit\u00e9 una mirada desde la log\u00edstica portuaria, uno de los sectores que la propia instancia defini\u00f3 como prioritarios para 2026.<\/p>\n\n\n\n<p class=\"wp-block-paragraph\">Mar\u00edtimo Portuario Comunicaciones<\/p>\n","protected":false},"excerpt":{"rendered":"<p>Gerald Kong, gerente de Ultraport Arica, fue designado por el Consejo Regional para representar al mundo laboral en el Comit\u00e9 de Desarrollo Productivo Regional (CDPR), el organismo que asigna recursos a proyectos de innovaci\u00f3n, emprendimiento y competitividad en la zona. El CDPR re\u00fane a representantes p\u00fablicos y privados de Arica y Parinacota y define, entre<span class=\"read-more\"><a href=\"https:\/\/www.maritimoportuario.cl\/mp\/sector-portuario-se-suma-a-mesa-de-fomento-productivo-de-arica-y-parinacota\/\" title=\"Leer m\u00e1s\">M\u00e1s<\/a><\/span><\/p>\n","protected":false},"author":7,"featured_media":51250,"comment_status":"open","ping_status":"open","sticky":false,"template":"","format":"standard","meta":{"rop_custom_images_group":[],"rop_custom_messages_group":[],"rop_publish_now":"no","rop_publish_now_accounts":{"facebook_10162570881181292_1669217483306580":""},"rop_publish_now_history":[{"account":"facebook_10162570881181292_1669217483306580","service":"facebook","timestamp":1788386357,"status":"success"}],"rop_publish_now_status":"done","footnotes":""},"categories":[92],"tags":[],"class_list":["post-51249","post","type-post","status-publish","format-standard","has-post-thumbnail","category-destacados"],"_links":{"self":[{"href":"https:\/\/www.maritimoportuario.cl\/mp\/wp-json\/wp\/v2\/posts\/51249","targetHints":{"allow":["GET"]}}],"collection":[{"href":"https:\/\/www.maritimoportuario.cl\/mp\/wp-json\/wp\/v2\/posts"}],"about":[{"href":"https:\/\/www.maritimoportuario.cl\/mp\/wp-json\/wp\/v2\/types\/post"}],"author":[{"embeddable":true,"href":"https:\/\/www.maritimoportuario.cl\/mp\/wp-json\/wp\/v2\/users\/7"}],"replies":[{"embeddable":true,"href":"https:\/\/www.maritimoportuario.cl\/mp\/wp-json\/wp\/v2\/comments?post=51249"}],"version-history":[{"count":1,"href":"https:\/\/www.maritimoportuario.cl\/mp\/wp-json\/wp\/v2\/posts\/51249\/revisions"}],"predecessor-version":[{"id":51251,"href":"https:\/\/www.maritimoportuario.cl\/mp\/wp-json\/wp\/v2\/posts\/51249\/revisions\/51251"}],"wp:featuredmedia":[{"embeddable":true,"href":"https:\/\/www.maritimoportuario.cl\/mp\/wp-json\/wp\/v2\/media\/51250"}],"wp:attachment":[{"href":"https:\/\/www.maritimoportuario.cl\/mp\/wp-json\/wp\/v2\/media?parent=51249"}],"wp:term":[{"taxonomy":"category","embeddable":true,"href":"https:\/\/www.maritimoportuario.cl\/mp\/wp-json\/wp\/v2\/categories?post=51249"},{"taxonomy":"post_tag","embeddable":true,"href":"https:\/\/www.maritimoportuario.cl\/mp\/wp-json\/wp\/v2\/tags?post=51249"}],"curies":[{"name":"wp","href":"https:\/\/api.w.org\/{rel}","templated":true}]}}