{"id":51255,"date":"2026-09-02T22:06:38","date_gmt":"2026-09-02T22:06:38","guid":{"rendered":"https:\/\/www.maritimoportuario.cl\/mp\/?p=51255"},"modified":"2026-09-02T22:06:38","modified_gmt":"2026-09-02T22:06:38","slug":"biobio-refuerza-su-liderazgo-logistico-con-evento-de-la-mesa-comex-y-gobierno-regional","status":"publish","type":"post","link":"https:\/\/www.maritimoportuario.cl\/mp\/biobio-refuerza-su-liderazgo-logistico-con-evento-de-la-mesa-comex-y-gobierno-regional\/","title":{"rendered":"Biob\u00edo refuerza su liderazgo log\u00edstico con evento de la Mesa COMEX y Gobierno Regional"},"content":{"rendered":"\n<p class=\"wp-block-paragraph\"><strong>Con el apoyo de ocho portuarias, el ENCUENTRO BIOB\u00cdO HUB LOG\u00cdSTICO del 6 de octubreen SURACTIVO reunir\u00e1 a autoridades, gremios, empresas, importadores y exportadores.All\u00ed abordar\u00e1nlas capacidades con que cuenta la regi\u00f3n para ser la plataforma de comercio exteriorde la macrozona centro-sur de Chile y Argentina.<\/strong><\/p>\n\n\n\n<p class=\"wp-block-paragraph\">La Mesa COMEX Biob\u00edo y el Gobierno Regional promover\u00e1n y potenciar\u00e1n la capacidad log\u00edstica y portuaria de la provincia de Concepci\u00f3n a trav\u00e9s de un evento para importadores y exportadores de la macro zona centro sur de Chile y Argentina.<\/p>\n\n\n\n<p class=\"wp-block-paragraph\">\u201cENCUENTRO BIOB\u00cdO HUB LOG\u00cdSTICO, conectando Chile con el mundo\u201d se denomina la actividad que se realizar\u00e1 el 6 de octubre en el espacio SURACTIVO de Hualp\u00e9n y que contar\u00e1 con el apoyo de 8 portuarias: Puerto Coronel, San Vicente Terminal Internacional (SVTI), Huachipato, Muelles de Penco, Talcahuano Terminal Portuario (TTPSA), Cabo Froward, DP World Lirqu\u00e9n y Puertos de Talcahuano.<\/p>\n\n\n\n<p class=\"wp-block-paragraph\">El evento ser\u00e1 una instancia de di\u00e1logo t\u00e9cnico y estrat\u00e9gico en torno a los principales atributos de esta cadena de intercambio de bienes y servicios, abordando materias como infraestructura, conectividad, capacidad portuaria, multimodalidad, facilitaci\u00f3n del comercio e integraci\u00f3n bioce\u00e1nica. Asimismo, permitir\u00e1 relevar las ventajas competitivas del Biob\u00edo como el HUB LOG\u00cdSTICO para cargas provenientes de la macrozona centro sur y del territorio argentino.<\/p>\n\n\n\n<p class=\"wp-block-paragraph\">El encuentro convocar\u00e1 a representantes del sector p\u00fablico y privado, incluyendo gremios, actoreslog\u00edsticos y portuarios, importadores y exportadores. Ello,con el prop\u00f3sito de compartir visiones, visualizar las capacidades de infraestructuray continuar potenci\u00e1ndolas, adem\u00e1s de aumentar la competitividad del sistema de comercio exterior regional.<\/p>\n\n\n\n<p class=\"wp-block-paragraph\">En este marco, el respaldo dela Mesa COMEX Biob\u00edo, el Gobierno Regional ylas ocho portuarias refleja el compromiso con una agenda colaborativa, integrada y sostenible, orientada a impulsar el desarrollo productivo, la inversi\u00f3n y la generaci\u00f3n de nuevas oportunidades para la zona.<\/p>\n\n\n\n<p class=\"wp-block-paragraph\">Desde la organizaci\u00f3n destacaron que este hito se enmarca en el trabajo que la Mesa COMEX Biob\u00edo viene desarrollando durante los \u00faltimos 20 a\u00f1os para posicionar a la regi\u00f3n como referente log\u00edstico portuario del sur de Chile, promoviendo la coordinaci\u00f3n entre empresas, servicios p\u00fablicos, universidades, gremios y organismos gubernamentales.<\/p>\n\n\n\n<p class=\"wp-block-paragraph\">\u201dEl Biob\u00edo cuenta con una oferta log\u00edstica integral que se ha ido consolidando a partir de sus capacidades portuarias y de una red de servicios que conecta a la regi\u00f3n con el comercio exterior. A ello se suma una gobernanza p\u00fablico-privada que durante a\u00f1os ha permitido construir una visi\u00f3n compartida y avanzar de manera coordinada. BIOB\u00cdO HUB LOG\u00cdSTICO nace desde esa fortaleza y busca proyectarla hacia la macrozona centro-sur y Argentina, generando nuevas oportunidades de carga, negocios e inversi\u00f3n que contribuyan al desarrollo de nuestra regi\u00f3n\u201d, se\u00f1al\u00f3 Karem Urz\u00faa, Presidenta de la Mesa COMEX Biob\u00edo.<\/p>\n\n\n\n<p class=\"wp-block-paragraph\">El Gobernador Regional del Biob\u00edo, Sergio Giacaman, agreg\u00f3: \u201cLa vocaci\u00f3n log\u00edstica y portuaria de Biob\u00edo nos entrega condiciones \u00fanicas para liderar en esta materia. Uno de nuestros principales desaf\u00edos es consolidar a la regi\u00f3n como el gran nodo log\u00edstico de la zona centro-sur de Chile y Argentina.Este valioso encuentro se suma al trabajo que hemos impulsado desde el Gobierno Regional para fortalecer nuestra integraci\u00f3n con Neuqu\u00e9n\u201d.<\/p>\n\n\n\n<p class=\"wp-block-paragraph\">La m\u00e1xima autoridad de la zona enfatiz\u00f3 la importancia de impulsar espacios de encuentro que permitan alinear esfuerzos p\u00fablicos y privados en torno a una agenda de desarrollo de largo plazo: \u201cHace algunas semanas dimos un nuevo paso, abordando las oportunidades que abre Vaca Muerta y la posibilidad de conectar su matriz energ\u00e9tica con nuestros puertos para la exportaci\u00f3n de gas y petr\u00f3leo hacia los mercados internacionales. Pero la oportunidad va m\u00e1s all\u00e1 de la energ\u00eda. Esta integraci\u00f3n puede convertir a Biob\u00edo en la principal plataforma log\u00edstica para la salida al Pac\u00edfico de productos provenientes de las provincias argentinas, fortaleciendo nuestra posici\u00f3n estrat\u00e9gica y generando nuevas oportunidades de desarrollo para Biob\u00edo y las provincias argentinas\u201d.<\/p>\n\n\n\n<p class=\"wp-block-paragraph\">El ENCUENTRO BIOB\u00cdO HUB LOG\u00cdSTICO considera paneles de conversaci\u00f3n, presentaciones t\u00e9cnicas y espacios de intercambio orientados a explorar la oferta log\u00edstica regional, ruedas de negocios y stands con los representantes de los puertos y de las empresas que componen la Mesa COMEX.<\/p>\n\n\n\n<p class=\"wp-block-paragraph\">Mar\u00edtimo Portuario Comunicaciones<\/p>\n","protected":false},"excerpt":{"rendered":"<p>Con el apoyo de ocho portuarias, el ENCUENTRO BIOB\u00cdO HUB LOG\u00cdSTICO del 6 de octubreen SURACTIVO reunir\u00e1 a autoridades, gremios, empresas, importadores y exportadores.All\u00ed abordar\u00e1nlas capacidades con que cuenta la regi\u00f3n para ser la plataforma de comercio exteriorde la macrozona centro-sur de Chile y Argentina. La Mesa COMEX Biob\u00edo y el Gobierno Regional promover\u00e1n y<span class=\"read-more\"><a href=\"https:\/\/www.maritimoportuario.cl\/mp\/biobio-refuerza-su-liderazgo-logistico-con-evento-de-la-mesa-comex-y-gobierno-regional\/\" title=\"Leer m\u00e1s\">M\u00e1s<\/a><\/span><\/p>\n","protected":false},"author":7,"featured_media":51256,"comment_status":"open","ping_status":"open","sticky":false,"template":"","format":"standard","meta":{"rop_custom_images_group":[],"rop_custom_messages_group":[],"rop_publish_now":"no","rop_publish_now_accounts":{"facebook_10162570881181292_1669217483306580":""},"rop_publish_now_history":[{"account":"facebook_10162570881181292_1669217483306580","service":"facebook","timestamp":1788386815,"status":"success"}],"rop_publish_now_status":"done","footnotes":""},"categories":[92],"tags":[],"class_list":["post-51255","post","type-post","status-publish","format-standard","has-post-thumbnail","category-destacados"],"_links":{"self":[{"href":"https:\/\/www.maritimoportuario.cl\/mp\/wp-json\/wp\/v2\/posts\/51255","targetHints":{"allow":["GET"]}}],"collection":[{"href":"https:\/\/www.maritimoportuario.cl\/mp\/wp-json\/wp\/v2\/posts"}],"about":[{"href":"https:\/\/www.maritimoportuario.cl\/mp\/wp-json\/wp\/v2\/types\/post"}],"author":[{"embeddable":true,"href":"https:\/\/www.maritimoportuario.cl\/mp\/wp-json\/wp\/v2\/users\/7"}],"replies":[{"embeddable":true,"href":"https:\/\/www.maritimoportuario.cl\/mp\/wp-json\/wp\/v2\/comments?post=51255"}],"version-history":[{"count":1,"href":"https:\/\/www.maritimoportuario.cl\/mp\/wp-json\/wp\/v2\/posts\/51255\/revisions"}],"predecessor-version":[{"id":51257,"href":"https:\/\/www.maritimoportuario.cl\/mp\/wp-json\/wp\/v2\/posts\/51255\/revisions\/51257"}],"wp:featuredmedia":[{"embeddable":true,"href":"https:\/\/www.maritimoportuario.cl\/mp\/wp-json\/wp\/v2\/media\/51256"}],"wp:attachment":[{"href":"https:\/\/www.maritimoportuario.cl\/mp\/wp-json\/wp\/v2\/media?parent=51255"}],"wp:term":[{"taxonomy":"category","embeddable":true,"href":"https:\/\/www.maritimoportuario.cl\/mp\/wp-json\/wp\/v2\/categories?post=51255"},{"taxonomy":"post_tag","embeddable":true,"href":"https:\/\/www.maritimoportuario.cl\/mp\/wp-json\/wp\/v2\/tags?post=51255"}],"curies":[{"name":"wp","href":"https:\/\/api.w.org\/{rel}","templated":true}]}}