{"id":51258,"date":"2026-09-04T02:38:33","date_gmt":"2026-09-04T02:38:33","guid":{"rendered":"https:\/\/www.maritimoportuario.cl\/mp\/?p=51258"},"modified":"2026-09-04T02:38:33","modified_gmt":"2026-09-04T02:38:33","slug":"iti-se-convertira-en-el-primer-terminal-del-norte-del-pais-en-incorporar-gruas-portacontenedores-100-electricas","status":"publish","type":"post","link":"https:\/\/www.maritimoportuario.cl\/mp\/iti-se-convertira-en-el-primer-terminal-del-norte-del-pais-en-incorporar-gruas-portacontenedores-100-electricas\/","title":{"rendered":"ITI se convertir\u00e1 en el primer terminal del norte del pa\u00eds en incorporar gr\u00faas portacontenedores 100% el\u00e9ctricas"},"content":{"rendered":"\n<p class=\"wp-block-paragraph\"><strong><em>Equipos reforzar\u00e1n la capacidad operativa y permitir\u00e1n avanzar en la reducci\u00f3n de emisiones.<\/em><\/strong><\/p>\n\n\n\n<p class=\"wp-block-paragraph\">Iquique Terminal Internacional (ITI), puerto de Hanseatic Global Terminals (HGT), incorporar\u00e1 cuatro equipos portacontenedores 100% el\u00e9ctricos, convirti\u00e9ndose en el primer terminal portuario del norte de Chile en contar con esta tecnolog\u00eda.<\/p>\n\n\n\n<p class=\"wp-block-paragraph\">Esta iniciativa forma parte de una inversi\u00f3n integral que considera adem\u00e1s la construcci\u00f3n y habilitaci\u00f3n de una nueva sala el\u00e9ctrica y estaciones de carga r\u00e1pida, fortaleciendo la infraestructura necesaria para operar estos equipos de \u00faltima generaci\u00f3n.<\/p>\n\n\n\n<p class=\"wp-block-paragraph\">\u00abLa llegada de estas cuatro portacontenedores el\u00e9ctricas proyectada para fines de septiembre marca un hito para nuestra compa\u00f1\u00eda, ya que nos permitir\u00e1 ser m\u00e1s eficientes, confiables y sustentables, incorporando tecnolog\u00eda de vanguardia que aporta tanto a la productividad como al cuidado del entorno\u00bb, destac\u00f3 el gerente general de ITI, Rodrigo Pommiez.<\/p>\n\n\n\n<p class=\"wp-block-paragraph\">Detall\u00f3 que esta inversi\u00f3n se enmarca en la estrategia de largo plazo de HGT para avanzar hacia la carbono neutralidad al a\u00f1o 2045. \u00abEstamos dando un paso concreto en nuestro camino hacia la descarbonizaci\u00f3n y mostrando c\u00f3mo la innovaci\u00f3n puede aportar simult\u00e1neamente al crecimiento operacional y a los objetivos ambientales de largo plazo\u00bb, coment\u00f3.<\/p>\n\n\n\n<p class=\"wp-block-paragraph\">Las nuevas gr\u00faas reach stacker el\u00e9ctricas, cuentan con bater\u00edas de litio de alta capacidad, autonom\u00eda para una jornada de trabajo de entre 6 y 9 horas, sistemas de carga r\u00e1pida de entre 1 y 1,5 horas y capacidad de levante de hasta 45 toneladas, caracter\u00edsticas que les permiten responder a las exigencias de una operaci\u00f3n portuaria de alto rendimiento. Adem\u00e1s, destacan por su menor nivel de ruido, mayor eficiencia energ\u00e9tica y menores requerimientos de mantenimiento respecto de equipos impulsados por combustibles f\u00f3siles.<\/p>\n\n\n\n<p class=\"wp-block-paragraph\">Mar\u00edtimo Portuario Comunicaciones<\/p>\n","protected":false},"excerpt":{"rendered":"<p>Equipos reforzar\u00e1n la capacidad operativa y permitir\u00e1n avanzar en la reducci\u00f3n de emisiones. Iquique Terminal Internacional (ITI), puerto de Hanseatic Global Terminals (HGT), incorporar\u00e1 cuatro equipos portacontenedores 100% el\u00e9ctricos, convirti\u00e9ndose en el primer terminal portuario del norte de Chile en contar con esta tecnolog\u00eda. Esta iniciativa forma parte de una inversi\u00f3n integral que considera adem\u00e1s<span class=\"read-more\"><a href=\"https:\/\/www.maritimoportuario.cl\/mp\/iti-se-convertira-en-el-primer-terminal-del-norte-del-pais-en-incorporar-gruas-portacontenedores-100-electricas\/\" title=\"Leer m\u00e1s\">M\u00e1s<\/a><\/span><\/p>\n","protected":false},"author":7,"featured_media":51259,"comment_status":"open","ping_status":"open","sticky":false,"template":"","format":"standard","meta":{"rop_custom_images_group":[],"rop_custom_messages_group":[],"rop_publish_now":"no","rop_publish_now_accounts":{"facebook_10162570881181292_1669217483306580":""},"rop_publish_now_history":[{"account":"facebook_10162570881181292_1669217483306580","service":"facebook","timestamp":1788489534,"status":"success"}],"rop_publish_now_status":"done","footnotes":""},"categories":[92],"tags":[],"class_list":["post-51258","post","type-post","status-publish","format-standard","has-post-thumbnail","category-destacados"],"_links":{"self":[{"href":"https:\/\/www.maritimoportuario.cl\/mp\/wp-json\/wp\/v2\/posts\/51258","targetHints":{"allow":["GET"]}}],"collection":[{"href":"https:\/\/www.maritimoportuario.cl\/mp\/wp-json\/wp\/v2\/posts"}],"about":[{"href":"https:\/\/www.maritimoportuario.cl\/mp\/wp-json\/wp\/v2\/types\/post"}],"author":[{"embeddable":true,"href":"https:\/\/www.maritimoportuario.cl\/mp\/wp-json\/wp\/v2\/users\/7"}],"replies":[{"embeddable":true,"href":"https:\/\/www.maritimoportuario.cl\/mp\/wp-json\/wp\/v2\/comments?post=51258"}],"version-history":[{"count":1,"href":"https:\/\/www.maritimoportuario.cl\/mp\/wp-json\/wp\/v2\/posts\/51258\/revisions"}],"predecessor-version":[{"id":51260,"href":"https:\/\/www.maritimoportuario.cl\/mp\/wp-json\/wp\/v2\/posts\/51258\/revisions\/51260"}],"wp:featuredmedia":[{"embeddable":true,"href":"https:\/\/www.maritimoportuario.cl\/mp\/wp-json\/wp\/v2\/media\/51259"}],"wp:attachment":[{"href":"https:\/\/www.maritimoportuario.cl\/mp\/wp-json\/wp\/v2\/media?parent=51258"}],"wp:term":[{"taxonomy":"category","embeddable":true,"href":"https:\/\/www.maritimoportuario.cl\/mp\/wp-json\/wp\/v2\/categories?post=51258"},{"taxonomy":"post_tag","embeddable":true,"href":"https:\/\/www.maritimoportuario.cl\/mp\/wp-json\/wp\/v2\/tags?post=51258"}],"curies":[{"name":"wp","href":"https:\/\/api.w.org\/{rel}","templated":true}]}}