{"id":51261,"date":"2026-09-04T02:40:47","date_gmt":"2026-09-04T02:40:47","guid":{"rendered":"https:\/\/www.maritimoportuario.cl\/mp\/?p=51261"},"modified":"2026-09-04T02:40:47","modified_gmt":"2026-09-04T02:40:47","slug":"subsecretaria-estevez-se-reune-con-la-cpc-para-dar-a-conocer-avances-en-negociaciones-con-estados-unidos-e-india","status":"publish","type":"post","link":"https:\/\/www.maritimoportuario.cl\/mp\/subsecretaria-estevez-se-reune-con-la-cpc-para-dar-a-conocer-avances-en-negociaciones-con-estados-unidos-e-india\/","title":{"rendered":"Subsecretaria Est\u00e9vez se re\u00fane con la CPC para dar a conocer avances en negociaciones con Estados Unidos e India"},"content":{"rendered":"\n<p class=\"wp-block-paragraph\">Durante la tarde de este jueves, la subsecretaria de Relaciones Econ\u00f3micas Internacionales, Paula Est\u00e9vez, recibi\u00f3 a la directiva de la Confederaci\u00f3n de la Producci\u00f3n y el Comercio (CPC), encabezada por su presidenta Susana Jim\u00e9nez, para dar a conocer el estado y los avances de las negociaciones con Estados Unidos e India, tras las reuniones oficiales de esta semana.<\/p>\n\n\n\n<p class=\"wp-block-paragraph\">La subsecretaria Est\u00e9vez se\u00f1al\u00f3 que la visita del representante de Comercio adjunto de la USTR, Jeffrey Goettman, a Chile permiti\u00f3 dar continuidad a un proceso de negociaci\u00f3n que sigue activo, y la calific\u00f3 como una se\u00f1al relevante. \u201cEstados Unidos presentar\u00e1 una nueva propuesta de acceso a mercados dentro de las pr\u00f3ximas semanas\u201d, sostuvo.<\/p>\n\n\n\n<p class=\"wp-block-paragraph\">La autoridad valor\u00f3 tambi\u00e9n los antecedentes entregados por los gremios durante las distintas instancias de coordinaci\u00f3n p\u00fablico-privada, los que fueron incorporados como insumos para sustentar las prioridades de Chile en la negociaci\u00f3n, y los inst\u00f3 a seguir colaborando con el proceso que contin\u00faa abierto.<\/p>\n\n\n\n<p class=\"wp-block-paragraph\">Adem\u00e1s, explic\u00f3 que Chile continuar\u00e1 trabajando en tres niveles: di\u00e1logo pol\u00edtico, trabajo t\u00e9cnico y coordinaci\u00f3n p\u00fablico-privada. \u201cChile seguir\u00e1 trabajando para obtener las mejores condiciones posibles para sus exportadores, defendiendo sus intereses sobre la base de argumentos t\u00e9cnicos y sectoriales, y aprovechando las ventajas competitivas y las condiciones preferenciales que nuestro TLC contin\u00faa proporcionando\u201d, concluy\u00f3 la autoridad.<\/p>\n\n\n\n<h2 class=\"wp-block-heading\">Negociaci\u00f3n con la India<\/h2>\n\n\n\n<p class=\"wp-block-paragraph\">Respecto de la India, la subsecretaria Est\u00e9vez dio cuenta de su reuni\u00f3n con el secretario de Comercio de ese pa\u00eds, Rajesh Agrawal, instancia que permiti\u00f3 constatar \u201clos avances alcanzados desde la ronda de negociaciones de mayo pasado, con progresos sustantivos en un amplio n\u00famero de cap\u00edtulos\u201d, dijo. Destac\u00f3 que ambas partes se comprometieron a intensificar el trabajo durante las pr\u00f3ximas tres semanas para cerrar los cap\u00edtulos pendientes. La reuni\u00f3n permiti\u00f3, adem\u00e1s, profundizar en las prioridades de Chile e India, particularmente en materias de acceso a mercados y minerales cr\u00edticos.<\/p>\n\n\n\n<p class=\"wp-block-paragraph\">Con m\u00e1s de 1.400 millones de habitantes, India es hoy la quinta econom\u00eda del mundo y se proyecta como la tercera hacia 2030. Actualmente solo 171 productos chilenos llegan al mercado indio, equivalentes a apenas un 4,1% de la canasta exportadora nacional, mientras enfrentan un arancel promedio de 16,2%, que alcanza hasta un 36,7% para productos agroindustriales.<\/p>\n\n\n\n<p class=\"wp-block-paragraph\">Paula Est\u00e9vez explic\u00f3 que \u201cun eventual acuerdo permitir\u00eda reducir estas barreras, atraer inversi\u00f3n y generar nuevas oportunidades para que m\u00e1s productos, empresas y sectores chilenos lleguen a este mercado, que ofrece un enorme espacio para crecer y diversificar nuestra presencia en India\u201d.<\/p>\n\n\n\n<p class=\"wp-block-paragraph\">Fuente: subrei.gob.cl<\/p>\n","protected":false},"excerpt":{"rendered":"<p>Durante la tarde de este jueves, la subsecretaria de Relaciones Econ\u00f3micas Internacionales, Paula Est\u00e9vez, recibi\u00f3 a la directiva de la Confederaci\u00f3n de la Producci\u00f3n y el Comercio (CPC), encabezada por su presidenta Susana Jim\u00e9nez, para dar a conocer el estado y los avances de las negociaciones con Estados Unidos e India, tras las reuniones oficiales<span class=\"read-more\"><a href=\"https:\/\/www.maritimoportuario.cl\/mp\/subsecretaria-estevez-se-reune-con-la-cpc-para-dar-a-conocer-avances-en-negociaciones-con-estados-unidos-e-india\/\" title=\"Leer m\u00e1s\">M\u00e1s<\/a><\/span><\/p>\n","protected":false},"author":7,"featured_media":40438,"comment_status":"open","ping_status":"open","sticky":false,"template":"","format":"standard","meta":{"rop_custom_images_group":[],"rop_custom_messages_group":[],"rop_publish_now":"no","rop_publish_now_accounts":{"facebook_10162570881181292_1669217483306580":""},"rop_publish_now_history":[{"account":"facebook_10162570881181292_1669217483306580","service":"facebook","timestamp":1788489666,"status":"success"}],"rop_publish_now_status":"done","footnotes":""},"categories":[92],"tags":[],"class_list":["post-51261","post","type-post","status-publish","format-standard","has-post-thumbnail","category-destacados"],"_links":{"self":[{"href":"https:\/\/www.maritimoportuario.cl\/mp\/wp-json\/wp\/v2\/posts\/51261","targetHints":{"allow":["GET"]}}],"collection":[{"href":"https:\/\/www.maritimoportuario.cl\/mp\/wp-json\/wp\/v2\/posts"}],"about":[{"href":"https:\/\/www.maritimoportuario.cl\/mp\/wp-json\/wp\/v2\/types\/post"}],"author":[{"embeddable":true,"href":"https:\/\/www.maritimoportuario.cl\/mp\/wp-json\/wp\/v2\/users\/7"}],"replies":[{"embeddable":true,"href":"https:\/\/www.maritimoportuario.cl\/mp\/wp-json\/wp\/v2\/comments?post=51261"}],"version-history":[{"count":1,"href":"https:\/\/www.maritimoportuario.cl\/mp\/wp-json\/wp\/v2\/posts\/51261\/revisions"}],"predecessor-version":[{"id":51262,"href":"https:\/\/www.maritimoportuario.cl\/mp\/wp-json\/wp\/v2\/posts\/51261\/revisions\/51262"}],"wp:featuredmedia":[{"embeddable":true,"href":"https:\/\/www.maritimoportuario.cl\/mp\/wp-json\/wp\/v2\/media\/40438"}],"wp:attachment":[{"href":"https:\/\/www.maritimoportuario.cl\/mp\/wp-json\/wp\/v2\/media?parent=51261"}],"wp:term":[{"taxonomy":"category","embeddable":true,"href":"https:\/\/www.maritimoportuario.cl\/mp\/wp-json\/wp\/v2\/categories?post=51261"},{"taxonomy":"post_tag","embeddable":true,"href":"https:\/\/www.maritimoportuario.cl\/mp\/wp-json\/wp\/v2\/tags?post=51261"}],"curies":[{"name":"wp","href":"https:\/\/api.w.org\/{rel}","templated":true}]}}